{"id":1253,"date":"2021-10-08T14:33:51","date_gmt":"2021-10-08T12:33:51","guid":{"rendered":"https:\/\/irisae-conseil.net\/?p=1253"},"modified":"2021-10-08T15:24:36","modified_gmt":"2021-10-08T13:24:36","slug":"conferences-rasines-au-salon-natexpo-paris-24-26-octobre","status":"publish","type":"post","link":"https:\/\/irisae-conseil.net\/index.php\/2021\/10\/08\/conferences-rasines-au-salon-natexpo-paris-24-26-octobre\/","title":{"rendered":"Conf\u00e9rences RaSinEs au salon Natexpo Paris 24-26 octobre"},"content":{"rendered":"\n<p><strong><em><strong><em>Avec le r\u00e9seau RaSinEs, nous vous proposons trois conf\u00e9rences autour de la communication responsable, et de la strat\u00e9gie Bas Carbone en industrie alimentaire, au forum Innovation du salon Natexpo se d\u00e9roulant du 24 au 26 octobre \u00e0 Paris (Villepinte).<\/em><\/strong><\/em><\/strong><\/p>\n\n\n\n<div class=\"wp-block-image\"><figure class=\"aligncenter size-medium\"><a href=\"https:\/\/rasines-rse.fr\/natexpo-2021-forum-innovation-rasines\/\"><img loading=\"lazy\" decoding=\"async\" width=\"300\" height=\"300\" src=\"https:\/\/irisae-conseil.net\/wp-content\/uploads\/2021\/10\/Innovation-Communication-Natexpo-2021-300x300.jpg\" alt=\"\" class=\"wp-image-1256\" srcset=\"https:\/\/irisae-conseil.net\/wp-content\/uploads\/2021\/10\/Innovation-Communication-Natexpo-2021-300x300.jpg 300w, https:\/\/irisae-conseil.net\/wp-content\/uploads\/2021\/10\/Innovation-Communication-Natexpo-2021-1024x1024.jpg 1024w, https:\/\/irisae-conseil.net\/wp-content\/uploads\/2021\/10\/Innovation-Communication-Natexpo-2021-150x150.jpg 150w, https:\/\/irisae-conseil.net\/wp-content\/uploads\/2021\/10\/Innovation-Communication-Natexpo-2021-768x768.jpg 768w, https:\/\/irisae-conseil.net\/wp-content\/uploads\/2021\/10\/Innovation-Communication-Natexpo-2021-1536x1536.jpg 1536w, https:\/\/irisae-conseil.net\/wp-content\/uploads\/2021\/10\/Innovation-Communication-Natexpo-2021-2048x2048.jpg 2048w\" sizes=\"auto, (max-width: 300px) 100vw, 300px\" \/><\/a><\/figure><\/div>\n\n\n\n<div style=\"height:41px\" aria-hidden=\"true\" class=\"wp-block-spacer\"><\/div>\n\n\n\n<h4 class=\"wp-block-heading\"><strong><strong><strong>Le r\u00e9seau RaSinEs = des consultants RSE sur les territoires<\/strong><\/strong><\/strong><\/h4>\n\n\n\n<p>La particularit\u00e9 du r\u00e9seau RaSinEs est de rassembler des consultants RSE ind\u00e9pendants, pr\u00e9sents sur les diff\u00e9rentes r\u00e9gions de France, et donc connect\u00e9s aux probl\u00e9matiques et sp\u00e9cificit\u00e9s de chaque territoire.<\/p>\n\n\n\n<p>Logiquement, nous tenons donc \u00e0 vous proposer des moments d\u2019interaction pr\u00e8s de chez vous lors de salons ou de nos matin\u00e9es \u00c9co\u2019RSE. Apr\u00e8s Lyon l\u2019ann\u00e9e derni\u00e8re, nous vous proposons de nouveau <strong>une conf\u00e9rence par jour<\/strong> lors du salon Natexpo qui a lieu \u00e0 Paris cette ann\u00e9e.<\/p>\n\n\n\n<div style=\"height:40px\" aria-hidden=\"true\" class=\"wp-block-spacer\"><\/div>\n\n\n\n<h4 class=\"wp-block-heading\"><strong><strong><strong><strong>La conf\u00e9rence Communication Responsable<\/strong> <\/strong><\/strong><\/strong><\/h4>\n\n\n\n<p>Marion Fries et Julie Zeschan de Smart QSE, et Ga\u00eblle Beaune d\u2019IRISAE, , membres vauclusiennes et limousines du r\u00e9seau RaSinEs, vous proposent d\u2019\u00e9changer autour de la communication responsable lors de la conf\u00e9rence \u00ab&nbsp;<strong>Eduquer, sensibiliser et guider les consommateurs gr\u00e2ce \u00e0 une communication \u00e0 impact positif<\/strong>&nbsp;\u00bb programm\u00e9e le <strong>dimanche 24 octobre \u00e0 11H<\/strong> et le <strong>mardi 26 octobre \u00e0 11H, au forum Innovation<\/strong>. Apr\u00e8s une premi\u00e8re partie sur les <strong>fondamentaux<\/strong> de la communication responsable, le contexte r\u00e9glementaire et les pi\u00e8ges \u00e0 \u00e9viter, nous vous ferons d\u00e9couvrir <strong>diff\u00e9rents outils<\/strong> pour communiquer avec vos parties prenantes en fonction de vos enjeux et de votre avancement dans la RSE, <strong>avec l\u2019appui de notre plan de m\u00e9tro de la RSE<\/strong><strong><sup>\u00a9<\/sup>.<\/strong><\/p>\n\n\n\n<div style=\"height:40px\" aria-hidden=\"true\" class=\"wp-block-spacer\"><\/div>\n\n\n\n<h4 class=\"wp-block-heading\"><strong><strong><strong><strong><strong>La conf\u00e9rence Strat\u00e9gie Bas Carbone en IAA<\/strong><\/strong> <\/strong><\/strong><\/strong><\/h4>\n\n\n\n<p>Et le lundi 25 octobre \u00e0 14H, Fanny Penet du cabinet O2M, autre membre du r\u00e9seau RaSinEs, vous exposera les <strong>nouveaux outils et m\u00e9thodes<\/strong> pour <strong>mettre en place et conforter sa strat\u00e9gie bas carbone en industrie alimentaire<\/strong>. Elle vous pr\u00e9sentera notamment la <strong>m\u00e9thode ACT<\/strong> port\u00e9e conjointement par l\u2019ADEME en France et le CDP (Carbon Disclosure Project) en Grande Bretagne, et vous donnera toutes les cl\u00e9s pour <strong>rassurer les partenaires \ufb01nanciers<\/strong> sur la compatibilit\u00e9 de votre mod\u00e8le d&rsquo;affaires avec la <strong>trajectoire 2\u00b0C<\/strong>.<\/p>\n\n\n\n<p> <\/p>\n\n\n\n<p><\/p>\n\n\n\n<p>Encore de riches moments d\u2019\u00e9change en perspective&nbsp;! Au plaisir de vous retrouver sur le salon.<\/p>\n\n\n\n<p>Davantage de d\u00e9tails sur le site RaSinEs&nbsp;: <a href=\"https:\/\/rasines-rse.fr\/natexpo-2021-forum-innovation-rasines\/\">https:\/\/rasines-rse.fr\/natexpo-2021-forum-innovation-rasines\/<\/a><\/p>\n\n\n\n<p>Et sur celui de Natexpo&nbsp;: <a href=\"https:\/\/natexpo.com\/programme-des-animations\/\">https:\/\/natexpo.com\/programme-des-animations\/<\/a><\/p>\n\n\n\n<div style=\"height:40px\" aria-hidden=\"true\" class=\"wp-block-spacer\"><\/div>\n\n\n\n<p><strong>Irisae propose de vous accompagner dans la mise en place de votre d\u00e9marche RSE. <a href=\"https:\/\/irisae-conseil.net\/index.php\/page-d-exemple\/contact\/\">Contactez-nous&nbsp;!<\/a><\/strong><\/p>\n\n\n\n<div style=\"height:38px\" aria-hidden=\"true\" class=\"wp-block-spacer\"><\/div>\n\n\n\n<p><\/p>\n","protected":false},"excerpt":{"rendered":"<p>Avec le r\u00e9seau RaSinEs, nous vous proposons trois conf\u00e9rences autour de la communication responsable, et de la strat\u00e9gie Bas Carbone en industrie alimentaire, au forum Innovation du salon Natexpo se d\u00e9roulant du 24 au 26 octobre \u00e0 Paris (Villepinte). Le r\u00e9seau RaSinEs = des consultants RSE sur les territoires La [&hellip;]<\/p>\n","protected":false},"author":1,"featured_media":0,"comment_status":"closed","ping_status":"closed","sticky":false,"template":"","format":"standard","meta":{"om_disable_all_campaigns":false,"_monsterinsights_skip_tracking":false,"_monsterinsights_sitenote_active":false,"_monsterinsights_sitenote_note":"","_monsterinsights_sitenote_category":0,"_uf_show_specific_survey":0,"_uf_disable_surveys":false,"footnotes":""},"categories":[3],"tags":[],"class_list":["post-1253","post","type-post","status-publish","format-standard","hentry","category-actualite"],"yoast_head":"<!-- This site is optimized with the Yoast SEO plugin v26.8 - https:\/\/yoast.com\/product\/yoast-seo-wordpress\/ -->\n<title>Conf\u00e9rences RaSinEs au salon Natexpo Paris 24-26 octobre - IRISAE CONSEIL<\/title>\n<meta name=\"robots\" content=\"index, follow, max-snippet:-1, max-image-preview:large, max-video-preview:-1\" \/>\n<link rel=\"canonical\" href=\"https:\/\/irisae-conseil.net\/index.php\/2021\/10\/08\/conferences-rasines-au-salon-natexpo-paris-24-26-octobre\/\" \/>\n<meta property=\"og:locale\" content=\"fr_FR\" \/>\n<meta property=\"og:type\" content=\"article\" \/>\n<meta property=\"og:title\" content=\"Conf\u00e9rences RaSinEs au salon Natexpo Paris 24-26 octobre - IRISAE CONSEIL\" \/>\n<meta property=\"og:description\" content=\"Avec le r\u00e9seau RaSinEs, nous vous proposons trois conf\u00e9rences autour de la communication responsable, et de la strat\u00e9gie Bas Carbone en industrie alimentaire, au forum Innovation du salon Natexpo se d\u00e9roulant du 24 au 26 octobre \u00e0 Paris (Villepinte). Le r\u00e9seau RaSinEs = des consultants RSE sur les territoires La [&hellip;]\" \/>\n<meta property=\"og:url\" content=\"https:\/\/irisae-conseil.net\/index.php\/2021\/10\/08\/conferences-rasines-au-salon-natexpo-paris-24-26-octobre\/\" \/>\n<meta property=\"og:site_name\" content=\"IRISAE CONSEIL\" \/>\n<meta property=\"article:published_time\" content=\"2021-10-08T12:33:51+00:00\" \/>\n<meta property=\"article:modified_time\" content=\"2021-10-08T13:24:36+00:00\" \/>\n<meta property=\"og:image\" content=\"https:\/\/irisae-conseil.net\/wp-content\/uploads\/2021\/10\/Innovation-Communication-Natexpo-2021-300x300.jpg\" \/>\n<meta name=\"author\" content=\"Ga\u00eblle Beaune\" \/>\n<meta name=\"twitter:card\" content=\"summary_large_image\" \/>\n<meta name=\"twitter:label1\" content=\"\u00c9crit par\" \/>\n\t<meta name=\"twitter:data1\" content=\"Ga\u00eblle Beaune\" \/>\n\t<meta name=\"twitter:label2\" content=\"Dur\u00e9e de lecture estim\u00e9e\" \/>\n\t<meta name=\"twitter:data2\" content=\"2 minutes\" \/>\n<script type=\"application\/ld+json\" class=\"yoast-schema-graph\">{\"@context\":\"https:\/\/schema.org\",\"@graph\":[{\"@type\":\"Article\",\"@id\":\"https:\/\/irisae-conseil.net\/index.php\/2021\/10\/08\/conferences-rasines-au-salon-natexpo-paris-24-26-octobre\/#article\",\"isPartOf\":{\"@id\":\"https:\/\/irisae-conseil.net\/index.php\/2021\/10\/08\/conferences-rasines-au-salon-natexpo-paris-24-26-octobre\/\"},\"author\":{\"name\":\"Ga\u00eblle Beaune\",\"@id\":\"https:\/\/irisae-conseil.net\/#\/schema\/person\/7746ba2fb790fa644932aaec938195a4\"},\"headline\":\"Conf\u00e9rences RaSinEs au salon Natexpo Paris 24-26 octobre\",\"datePublished\":\"2021-10-08T12:33:51+00:00\",\"dateModified\":\"2021-10-08T13:24:36+00:00\",\"mainEntityOfPage\":{\"@id\":\"https:\/\/irisae-conseil.net\/index.php\/2021\/10\/08\/conferences-rasines-au-salon-natexpo-paris-24-26-octobre\/\"},\"wordCount\":436,\"publisher\":{\"@id\":\"https:\/\/irisae-conseil.net\/#organization\"},\"image\":{\"@id\":\"https:\/\/irisae-conseil.net\/index.php\/2021\/10\/08\/conferences-rasines-au-salon-natexpo-paris-24-26-octobre\/#primaryimage\"},\"thumbnailUrl\":\"https:\/\/irisae-conseil.net\/wp-content\/uploads\/2021\/10\/Innovation-Communication-Natexpo-2021-300x300.jpg\",\"articleSection\":[\"actualit\u00e9\"],\"inLanguage\":\"fr-FR\"},{\"@type\":\"WebPage\",\"@id\":\"https:\/\/irisae-conseil.net\/index.php\/2021\/10\/08\/conferences-rasines-au-salon-natexpo-paris-24-26-octobre\/\",\"url\":\"https:\/\/irisae-conseil.net\/index.php\/2021\/10\/08\/conferences-rasines-au-salon-natexpo-paris-24-26-octobre\/\",\"name\":\"Conf\u00e9rences RaSinEs au salon Natexpo Paris 24-26 octobre - IRISAE CONSEIL\",\"isPartOf\":{\"@id\":\"https:\/\/irisae-conseil.net\/#website\"},\"primaryImageOfPage\":{\"@id\":\"https:\/\/irisae-conseil.net\/index.php\/2021\/10\/08\/conferences-rasines-au-salon-natexpo-paris-24-26-octobre\/#primaryimage\"},\"image\":{\"@id\":\"https:\/\/irisae-conseil.net\/index.php\/2021\/10\/08\/conferences-rasines-au-salon-natexpo-paris-24-26-octobre\/#primaryimage\"},\"thumbnailUrl\":\"https:\/\/irisae-conseil.net\/wp-content\/uploads\/2021\/10\/Innovation-Communication-Natexpo-2021-300x300.jpg\",\"datePublished\":\"2021-10-08T12:33:51+00:00\",\"dateModified\":\"2021-10-08T13:24:36+00:00\",\"breadcrumb\":{\"@id\":\"https:\/\/irisae-conseil.net\/index.php\/2021\/10\/08\/conferences-rasines-au-salon-natexpo-paris-24-26-octobre\/#breadcrumb\"},\"inLanguage\":\"fr-FR\",\"potentialAction\":[{\"@type\":\"ReadAction\",\"target\":[\"https:\/\/irisae-conseil.net\/index.php\/2021\/10\/08\/conferences-rasines-au-salon-natexpo-paris-24-26-octobre\/\"]}]},{\"@type\":\"ImageObject\",\"inLanguage\":\"fr-FR\",\"@id\":\"https:\/\/irisae-conseil.net\/index.php\/2021\/10\/08\/conferences-rasines-au-salon-natexpo-paris-24-26-octobre\/#primaryimage\",\"url\":\"https:\/\/irisae-conseil.net\/wp-content\/uploads\/2021\/10\/Innovation-Communication-Natexpo-2021.jpg\",\"contentUrl\":\"https:\/\/irisae-conseil.net\/wp-content\/uploads\/2021\/10\/Innovation-Communication-Natexpo-2021.jpg\",\"width\":2500,\"height\":2500},{\"@type\":\"BreadcrumbList\",\"@id\":\"https:\/\/irisae-conseil.net\/index.php\/2021\/10\/08\/conferences-rasines-au-salon-natexpo-paris-24-26-octobre\/#breadcrumb\",\"itemListElement\":[{\"@type\":\"ListItem\",\"position\":1,\"name\":\"Accueil\",\"item\":\"https:\/\/irisae-conseil.net\/\"},{\"@type\":\"ListItem\",\"position\":2,\"name\":\"Conf\u00e9rences RaSinEs au salon Natexpo Paris 24-26 octobre\"}]},{\"@type\":\"WebSite\",\"@id\":\"https:\/\/irisae-conseil.net\/#website\",\"url\":\"https:\/\/irisae-conseil.net\/\",\"name\":\"IRISAE CONSEIL\",\"description\":\"Audit, formation, accompagnement en RSE, S\u00e9curit\u00e9 des Aliments, et lutte contre le gaspillage alimentaire\",\"publisher\":{\"@id\":\"https:\/\/irisae-conseil.net\/#organization\"},\"potentialAction\":[{\"@type\":\"SearchAction\",\"target\":{\"@type\":\"EntryPoint\",\"urlTemplate\":\"https:\/\/irisae-conseil.net\/?s={search_term_string}\"},\"query-input\":{\"@type\":\"PropertyValueSpecification\",\"valueRequired\":true,\"valueName\":\"search_term_string\"}}],\"inLanguage\":\"fr-FR\"},{\"@type\":\"Organization\",\"@id\":\"https:\/\/irisae-conseil.net\/#organization\",\"name\":\"IRISAE CONSEIL\",\"url\":\"https:\/\/irisae-conseil.net\/\",\"logo\":{\"@type\":\"ImageObject\",\"inLanguage\":\"fr-FR\",\"@id\":\"https:\/\/irisae-conseil.net\/#\/schema\/logo\/image\/\",\"url\":\"https:\/\/irisae-conseil.net\/wp-content\/uploads\/2020\/10\/cropped-logo_irisae.png\",\"contentUrl\":\"https:\/\/irisae-conseil.net\/wp-content\/uploads\/2020\/10\/cropped-logo_irisae.png\",\"width\":2114,\"height\":412,\"caption\":\"IRISAE CONSEIL\"},\"image\":{\"@id\":\"https:\/\/irisae-conseil.net\/#\/schema\/logo\/image\/\"},\"sameAs\":[\"https:\/\/www.linkedin.com\/in\/ga\u00eblle-beaune-rse-iaa-audit\/\"]},{\"@type\":\"Person\",\"@id\":\"https:\/\/irisae-conseil.net\/#\/schema\/person\/7746ba2fb790fa644932aaec938195a4\",\"name\":\"Ga\u00eblle Beaune\",\"url\":\"https:\/\/irisae-conseil.net\/index.php\/author\/admin3773\/\"}]}<\/script>\n<!-- \/ Yoast SEO plugin. -->","yoast_head_json":{"title":"Conf\u00e9rences RaSinEs au salon Natexpo Paris 24-26 octobre - IRISAE CONSEIL","robots":{"index":"index","follow":"follow","max-snippet":"max-snippet:-1","max-image-preview":"max-image-preview:large","max-video-preview":"max-video-preview:-1"},"canonical":"https:\/\/irisae-conseil.net\/index.php\/2021\/10\/08\/conferences-rasines-au-salon-natexpo-paris-24-26-octobre\/","og_locale":"fr_FR","og_type":"article","og_title":"Conf\u00e9rences RaSinEs au salon Natexpo Paris 24-26 octobre - IRISAE CONSEIL","og_description":"Avec le r\u00e9seau RaSinEs, nous vous proposons trois conf\u00e9rences autour de la communication responsable, et de la strat\u00e9gie Bas Carbone en industrie alimentaire, au forum Innovation du salon Natexpo se d\u00e9roulant du 24 au 26 octobre \u00e0 Paris (Villepinte). Le r\u00e9seau RaSinEs = des consultants RSE sur les territoires La [&hellip;]","og_url":"https:\/\/irisae-conseil.net\/index.php\/2021\/10\/08\/conferences-rasines-au-salon-natexpo-paris-24-26-octobre\/","og_site_name":"IRISAE CONSEIL","article_published_time":"2021-10-08T12:33:51+00:00","article_modified_time":"2021-10-08T13:24:36+00:00","og_image":[{"url":"https:\/\/irisae-conseil.net\/wp-content\/uploads\/2021\/10\/Innovation-Communication-Natexpo-2021-300x300.jpg","type":"","width":"","height":""}],"author":"Ga\u00eblle Beaune","twitter_card":"summary_large_image","twitter_misc":{"\u00c9crit par":"Ga\u00eblle Beaune","Dur\u00e9e de lecture estim\u00e9e":"2 minutes"},"schema":{"@context":"https:\/\/schema.org","@graph":[{"@type":"Article","@id":"https:\/\/irisae-conseil.net\/index.php\/2021\/10\/08\/conferences-rasines-au-salon-natexpo-paris-24-26-octobre\/#article","isPartOf":{"@id":"https:\/\/irisae-conseil.net\/index.php\/2021\/10\/08\/conferences-rasines-au-salon-natexpo-paris-24-26-octobre\/"},"author":{"name":"Ga\u00eblle Beaune","@id":"https:\/\/irisae-conseil.net\/#\/schema\/person\/7746ba2fb790fa644932aaec938195a4"},"headline":"Conf\u00e9rences RaSinEs au salon Natexpo Paris 24-26 octobre","datePublished":"2021-10-08T12:33:51+00:00","dateModified":"2021-10-08T13:24:36+00:00","mainEntityOfPage":{"@id":"https:\/\/irisae-conseil.net\/index.php\/2021\/10\/08\/conferences-rasines-au-salon-natexpo-paris-24-26-octobre\/"},"wordCount":436,"publisher":{"@id":"https:\/\/irisae-conseil.net\/#organization"},"image":{"@id":"https:\/\/irisae-conseil.net\/index.php\/2021\/10\/08\/conferences-rasines-au-salon-natexpo-paris-24-26-octobre\/#primaryimage"},"thumbnailUrl":"https:\/\/irisae-conseil.net\/wp-content\/uploads\/2021\/10\/Innovation-Communication-Natexpo-2021-300x300.jpg","articleSection":["actualit\u00e9"],"inLanguage":"fr-FR"},{"@type":"WebPage","@id":"https:\/\/irisae-conseil.net\/index.php\/2021\/10\/08\/conferences-rasines-au-salon-natexpo-paris-24-26-octobre\/","url":"https:\/\/irisae-conseil.net\/index.php\/2021\/10\/08\/conferences-rasines-au-salon-natexpo-paris-24-26-octobre\/","name":"Conf\u00e9rences RaSinEs au salon Natexpo Paris 24-26 octobre - IRISAE CONSEIL","isPartOf":{"@id":"https:\/\/irisae-conseil.net\/#website"},"primaryImageOfPage":{"@id":"https:\/\/irisae-conseil.net\/index.php\/2021\/10\/08\/conferences-rasines-au-salon-natexpo-paris-24-26-octobre\/#primaryimage"},"image":{"@id":"https:\/\/irisae-conseil.net\/index.php\/2021\/10\/08\/conferences-rasines-au-salon-natexpo-paris-24-26-octobre\/#primaryimage"},"thumbnailUrl":"https:\/\/irisae-conseil.net\/wp-content\/uploads\/2021\/10\/Innovation-Communication-Natexpo-2021-300x300.jpg","datePublished":"2021-10-08T12:33:51+00:00","dateModified":"2021-10-08T13:24:36+00:00","breadcrumb":{"@id":"https:\/\/irisae-conseil.net\/index.php\/2021\/10\/08\/conferences-rasines-au-salon-natexpo-paris-24-26-octobre\/#breadcrumb"},"inLanguage":"fr-FR","potentialAction":[{"@type":"ReadAction","target":["https:\/\/irisae-conseil.net\/index.php\/2021\/10\/08\/conferences-rasines-au-salon-natexpo-paris-24-26-octobre\/"]}]},{"@type":"ImageObject","inLanguage":"fr-FR","@id":"https:\/\/irisae-conseil.net\/index.php\/2021\/10\/08\/conferences-rasines-au-salon-natexpo-paris-24-26-octobre\/#primaryimage","url":"https:\/\/irisae-conseil.net\/wp-content\/uploads\/2021\/10\/Innovation-Communication-Natexpo-2021.jpg","contentUrl":"https:\/\/irisae-conseil.net\/wp-content\/uploads\/2021\/10\/Innovation-Communication-Natexpo-2021.jpg","width":2500,"height":2500},{"@type":"BreadcrumbList","@id":"https:\/\/irisae-conseil.net\/index.php\/2021\/10\/08\/conferences-rasines-au-salon-natexpo-paris-24-26-octobre\/#breadcrumb","itemListElement":[{"@type":"ListItem","position":1,"name":"Accueil","item":"https:\/\/irisae-conseil.net\/"},{"@type":"ListItem","position":2,"name":"Conf\u00e9rences RaSinEs au salon Natexpo Paris 24-26 octobre"}]},{"@type":"WebSite","@id":"https:\/\/irisae-conseil.net\/#website","url":"https:\/\/irisae-conseil.net\/","name":"IRISAE CONSEIL","description":"Audit, formation, accompagnement en RSE, S\u00e9curit\u00e9 des Aliments, et lutte contre le gaspillage alimentaire","publisher":{"@id":"https:\/\/irisae-conseil.net\/#organization"},"potentialAction":[{"@type":"SearchAction","target":{"@type":"EntryPoint","urlTemplate":"https:\/\/irisae-conseil.net\/?s={search_term_string}"},"query-input":{"@type":"PropertyValueSpecification","valueRequired":true,"valueName":"search_term_string"}}],"inLanguage":"fr-FR"},{"@type":"Organization","@id":"https:\/\/irisae-conseil.net\/#organization","name":"IRISAE CONSEIL","url":"https:\/\/irisae-conseil.net\/","logo":{"@type":"ImageObject","inLanguage":"fr-FR","@id":"https:\/\/irisae-conseil.net\/#\/schema\/logo\/image\/","url":"https:\/\/irisae-conseil.net\/wp-content\/uploads\/2020\/10\/cropped-logo_irisae.png","contentUrl":"https:\/\/irisae-conseil.net\/wp-content\/uploads\/2020\/10\/cropped-logo_irisae.png","width":2114,"height":412,"caption":"IRISAE CONSEIL"},"image":{"@id":"https:\/\/irisae-conseil.net\/#\/schema\/logo\/image\/"},"sameAs":["https:\/\/www.linkedin.com\/in\/ga\u00eblle-beaune-rse-iaa-audit\/"]},{"@type":"Person","@id":"https:\/\/irisae-conseil.net\/#\/schema\/person\/7746ba2fb790fa644932aaec938195a4","name":"Ga\u00eblle Beaune","url":"https:\/\/irisae-conseil.net\/index.php\/author\/admin3773\/"}]}},"_links":{"self":[{"href":"https:\/\/irisae-conseil.net\/index.php\/wp-json\/wp\/v2\/posts\/1253","targetHints":{"allow":["GET"]}}],"collection":[{"href":"https:\/\/irisae-conseil.net\/index.php\/wp-json\/wp\/v2\/posts"}],"about":[{"href":"https:\/\/irisae-conseil.net\/index.php\/wp-json\/wp\/v2\/types\/post"}],"author":[{"embeddable":true,"href":"https:\/\/irisae-conseil.net\/index.php\/wp-json\/wp\/v2\/users\/1"}],"replies":[{"embeddable":true,"href":"https:\/\/irisae-conseil.net\/index.php\/wp-json\/wp\/v2\/comments?post=1253"}],"version-history":[{"count":5,"href":"https:\/\/irisae-conseil.net\/index.php\/wp-json\/wp\/v2\/posts\/1253\/revisions"}],"predecessor-version":[{"id":1260,"href":"https:\/\/irisae-conseil.net\/index.php\/wp-json\/wp\/v2\/posts\/1253\/revisions\/1260"}],"wp:attachment":[{"href":"https:\/\/irisae-conseil.net\/index.php\/wp-json\/wp\/v2\/media?parent=1253"}],"wp:term":[{"taxonomy":"category","embeddable":true,"href":"https:\/\/irisae-conseil.net\/index.php\/wp-json\/wp\/v2\/categories?post=1253"},{"taxonomy":"post_tag","embeddable":true,"href":"https:\/\/irisae-conseil.net\/index.php\/wp-json\/wp\/v2\/tags?post=1253"}],"curies":[{"name":"wp","href":"https:\/\/api.w.org\/{rel}","templated":true}]}}